{"id":2686,"date":"2025-10-22T17:16:26","date_gmt":"2025-10-22T17:16:26","guid":{"rendered":"https:\/\/teaboyucatan.gob.mx\/?p=2686"},"modified":"2025-10-22T17:16:26","modified_gmt":"2025-10-22T17:16:26","slug":"iniciativa-aliados-por-la-vida-en-teabo","status":"publish","type":"post","link":"https:\/\/teaboyucatan.gob.mx\/index.php\/2025\/10\/22\/iniciativa-aliados-por-la-vida-en-teabo\/","title":{"rendered":"Iniciativa &#8220;Aliados por la Vida&#8221; en Teabo."},"content":{"rendered":"<div id='gallery-1' class='gallery galleryid-2686 gallery-columns-6 gallery-size-thumbnail'><figure class='gallery-item'>\n\t\t\t<div class='gallery-icon landscape'>\n\t\t\t\t<a href='https:\/\/teaboyucatan.gob.mx\/wp-content\/uploads\/2025\/10\/557617084_3386998724773996_9036037360033689665_n.jpg'><img loading=\"lazy\" decoding=\"async\" width=\"150\" height=\"150\" src=\"https:\/\/teaboyucatan.gob.mx\/wp-content\/uploads\/2025\/10\/557617084_3386998724773996_9036037360033689665_n-150x150.jpg\" class=\"attachment-thumbnail size-thumbnail\" alt=\"\" \/><\/a>\n\t\t\t<\/div><\/figure><figure class='gallery-item'>\n\t\t\t<div class='gallery-icon landscape'>\n\t\t\t\t<a href='https:\/\/teaboyucatan.gob.mx\/wp-content\/uploads\/2025\/10\/557669067_3386998831440652_3130569525755077015_n.jpg'><img loading=\"lazy\" decoding=\"async\" width=\"150\" height=\"150\" src=\"https:\/\/teaboyucatan.gob.mx\/wp-content\/uploads\/2025\/10\/557669067_3386998831440652_3130569525755077015_n-150x150.jpg\" class=\"attachment-thumbnail size-thumbnail\" alt=\"\" \/><\/a>\n\t\t\t<\/div><\/figure><figure class='gallery-item'>\n\t\t\t<div class='gallery-icon landscape'>\n\t\t\t\t<a href='https:\/\/teaboyucatan.gob.mx\/wp-content\/uploads\/2025\/10\/557675813_3386998068107395_6732202935704224023_n.jpg'><img loading=\"lazy\" decoding=\"async\" width=\"150\" height=\"150\" src=\"https:\/\/teaboyucatan.gob.mx\/wp-content\/uploads\/2025\/10\/557675813_3386998068107395_6732202935704224023_n-150x150.jpg\" class=\"attachment-thumbnail size-thumbnail\" alt=\"\" \/><\/a>\n\t\t\t<\/div><\/figure><figure class='gallery-item'>\n\t\t\t<div class='gallery-icon landscape'>\n\t\t\t\t<a href='https:\/\/teaboyucatan.gob.mx\/wp-content\/uploads\/2025\/10\/557681411_3386997998107402_7162647256701719153_n.jpg'><img loading=\"lazy\" decoding=\"async\" width=\"150\" height=\"150\" src=\"https:\/\/teaboyucatan.gob.mx\/wp-content\/uploads\/2025\/10\/557681411_3386997998107402_7162647256701719153_n-150x150.jpg\" class=\"attachment-thumbnail size-thumbnail\" alt=\"\" \/><\/a>\n\t\t\t<\/div><\/figure><figure class='gallery-item'>\n\t\t\t<div class='gallery-icon landscape'>\n\t\t\t\t<a href='https:\/\/teaboyucatan.gob.mx\/wp-content\/uploads\/2025\/10\/558117137_3386998341440701_9103491879463432146_n.jpg'><img loading=\"lazy\" decoding=\"async\" width=\"150\" height=\"150\" src=\"https:\/\/teaboyucatan.gob.mx\/wp-content\/uploads\/2025\/10\/558117137_3386998341440701_9103491879463432146_n-150x150.jpg\" class=\"attachment-thumbnail size-thumbnail\" alt=\"\" \/><\/a>\n\t\t\t<\/div><\/figure><figure class='gallery-item'>\n\t\t\t<div class='gallery-icon landscape'>\n\t\t\t\t<a href='https:\/\/teaboyucatan.gob.mx\/wp-content\/uploads\/2025\/10\/558397359_3387000574773811_8402171313651609418_n.jpg'><img loading=\"lazy\" decoding=\"async\" width=\"150\" height=\"150\" src=\"https:\/\/teaboyucatan.gob.mx\/wp-content\/uploads\/2025\/10\/558397359_3387000574773811_8402171313651609418_n-150x150.jpg\" class=\"attachment-thumbnail size-thumbnail\" alt=\"\" \/><\/a>\n\t\t\t<\/div><\/figure>\n\t\t<\/div>\n\n<div class=\"x14z9mp xat24cr x1lziwak x1vvkbs xtlvy1s x126k92a\">\n<div dir=\"auto\">Nuestro municipio marca el inicio de un nuevo cap\u00edtulo en servicio y atenci\u00f3n con la estrategia Aliados por la Vida. Una iniciativa que tiene como objetivo impulsar el desarrollo integral de nuestros ni\u00f1os, adolescentes y j\u00f3venes a trav\u00e9s de la educaci\u00f3n, la salud, la cultura y el deporte, brind\u00e1ndoles las herramientas para construir un futuro prometedor.<\/div>\n<\/div>\n<div class=\"x14z9mp xat24cr x1lziwak x1vvkbs xtlvy1s x126k92a\">\n<div dir=\"auto\">Aliados por la Vida es un compromiso con el presente y el futuro de nuestra juventud, para que cada uno de ellos pueda alcanzar su m\u00e1ximo potencial y bienestar. <span class=\"html-span xexx8yu xyri2b x18d9i69 x1c1uobl x1hl2dhg x16tdsg8 x1vvkbs x3nfvp2 x1j61x8r x1fcty0u xdj266r xat24cr xm2jcoa x1mpyi22 xxymvpz xlup9mm x1kky2od\"><img loading=\"lazy\" decoding=\"async\" class=\"xz74otr x15mokao x1ga7v0g x16uus16 xbiv7yw\" src=\"https:\/\/static.xx.fbcdn.net\/images\/emoji.php\/v9\/t64\/1\/16\/1f91d.png\" alt=\"\ud83e\udd1d\" width=\"16\" height=\"16\" \/><\/span><span class=\"html-span xexx8yu xyri2b x18d9i69 x1c1uobl x1hl2dhg x16tdsg8 x1vvkbs x3nfvp2 x1j61x8r x1fcty0u xdj266r xat24cr xm2jcoa x1mpyi22 xxymvpz xlup9mm x1kky2od\"><img loading=\"lazy\" decoding=\"async\" class=\"xz74otr x15mokao x1ga7v0g x16uus16 xbiv7yw\" src=\"https:\/\/static.xx.fbcdn.net\/images\/emoji.php\/v9\/tf4\/1\/16\/2728.png\" alt=\"\u2728\" width=\"16\" height=\"16\" \/><\/span><\/div>\n<\/div>\n<div class=\"x14z9mp xat24cr x1lziwak x1vvkbs xtlvy1s x126k92a\">\n<div dir=\"auto\">\u00a1Seguiremos trabajando de manera colaborativa para lograr buenos ciudadanos!<\/div>\n<\/div>\n","protected":false},"excerpt":{"rendered":"<p>Nuestro municipio marca el inicio de un nuevo cap\u00edtulo en servicio y atenci\u00f3n con la estrategia Aliados por la Vida. Una iniciativa que tiene como objetivo impulsar el desarrollo integral de nuestros ni\u00f1os, adolescentes y j\u00f3venes a trav\u00e9s de la educaci\u00f3n, la salud, la cultura y el deporte, brind\u00e1ndoles las herramientas para construir un futuro [&hellip;]<\/p>\n","protected":false},"author":1,"featured_media":2691,"comment_status":"closed","ping_status":"open","sticky":false,"template":"","format":"standard","meta":{"_jetpack_memberships_contains_paid_content":false,"footnotes":""},"categories":[2],"tags":[],"class_list":["post-2686","post","type-post","status-publish","format-standard","has-post-thumbnail","hentry","category-presidencia"],"jetpack_featured_media_url":"https:\/\/teaboyucatan.gob.mx\/wp-content\/uploads\/2025\/10\/558117137_3386998341440701_9103491879463432146_n.jpg","jetpack_sharing_enabled":true,"_links":{"self":[{"href":"https:\/\/teaboyucatan.gob.mx\/index.php\/wp-json\/wp\/v2\/posts\/2686","targetHints":{"allow":["GET"]}}],"collection":[{"href":"https:\/\/teaboyucatan.gob.mx\/index.php\/wp-json\/wp\/v2\/posts"}],"about":[{"href":"https:\/\/teaboyucatan.gob.mx\/index.php\/wp-json\/wp\/v2\/types\/post"}],"author":[{"embeddable":true,"href":"https:\/\/teaboyucatan.gob.mx\/index.php\/wp-json\/wp\/v2\/users\/1"}],"replies":[{"embeddable":true,"href":"https:\/\/teaboyucatan.gob.mx\/index.php\/wp-json\/wp\/v2\/comments?post=2686"}],"version-history":[{"count":1,"href":"https:\/\/teaboyucatan.gob.mx\/index.php\/wp-json\/wp\/v2\/posts\/2686\/revisions"}],"predecessor-version":[{"id":2693,"href":"https:\/\/teaboyucatan.gob.mx\/index.php\/wp-json\/wp\/v2\/posts\/2686\/revisions\/2693"}],"wp:featuredmedia":[{"embeddable":true,"href":"https:\/\/teaboyucatan.gob.mx\/index.php\/wp-json\/wp\/v2\/media\/2691"}],"wp:attachment":[{"href":"https:\/\/teaboyucatan.gob.mx\/index.php\/wp-json\/wp\/v2\/media?parent=2686"}],"wp:term":[{"taxonomy":"category","embeddable":true,"href":"https:\/\/teaboyucatan.gob.mx\/index.php\/wp-json\/wp\/v2\/categories?post=2686"},{"taxonomy":"post_tag","embeddable":true,"href":"https:\/\/teaboyucatan.gob.mx\/index.php\/wp-json\/wp\/v2\/tags?post=2686"}],"curies":[{"name":"wp","href":"https:\/\/api.w.org\/{rel}","templated":true}]}}