{"id":1991,"date":"2025-01-20T15:08:23","date_gmt":"2025-01-20T15:08:23","guid":{"rendered":"https:\/\/teaboyucatan.gob.mx\/?p=1991"},"modified":"2025-01-20T15:08:23","modified_gmt":"2025-01-20T15:08:23","slug":"convivio-navideno-con-grupo-parcelero","status":"publish","type":"post","link":"https:\/\/teaboyucatan.gob.mx\/index.php\/2025\/01\/20\/convivio-navideno-con-grupo-parcelero\/","title":{"rendered":"Convivio navide\u00f1o con grupo parcelero."},"content":{"rendered":"<div id='gallery-1' class='gallery galleryid-1991 gallery-columns-5 gallery-size-thumbnail'><figure class='gallery-item'>\n\t\t\t<div class='gallery-icon portrait'>\n\t\t\t\t<a href='https:\/\/teaboyucatan.gob.mx\/wp-content\/uploads\/2025\/01\/470151718_3076603819146823_5606023239891218545_n.jpg'><img loading=\"lazy\" decoding=\"async\" width=\"150\" height=\"150\" src=\"https:\/\/teaboyucatan.gob.mx\/wp-content\/uploads\/2025\/01\/470151718_3076603819146823_5606023239891218545_n-150x150.jpg\" class=\"attachment-thumbnail size-thumbnail\" alt=\"\" \/><\/a>\n\t\t\t<\/div><\/figure><figure class='gallery-item'>\n\t\t\t<div class='gallery-icon landscape'>\n\t\t\t\t<a href='https:\/\/teaboyucatan.gob.mx\/wp-content\/uploads\/2025\/01\/470185871_3076603682480170_8616897978450748899_n.jpg'><img loading=\"lazy\" decoding=\"async\" width=\"150\" height=\"150\" src=\"https:\/\/teaboyucatan.gob.mx\/wp-content\/uploads\/2025\/01\/470185871_3076603682480170_8616897978450748899_n-150x150.jpg\" class=\"attachment-thumbnail size-thumbnail\" alt=\"\" \/><\/a>\n\t\t\t<\/div><\/figure><figure class='gallery-item'>\n\t\t\t<div class='gallery-icon landscape'>\n\t\t\t\t<a href='https:\/\/teaboyucatan.gob.mx\/wp-content\/uploads\/2025\/01\/470188091_3076603742480164_3020790062977097526_n.jpg'><img loading=\"lazy\" decoding=\"async\" width=\"150\" height=\"150\" src=\"https:\/\/teaboyucatan.gob.mx\/wp-content\/uploads\/2025\/01\/470188091_3076603742480164_3020790062977097526_n-150x150.jpg\" class=\"attachment-thumbnail size-thumbnail\" alt=\"\" \/><\/a>\n\t\t\t<\/div><\/figure><figure class='gallery-item'>\n\t\t\t<div class='gallery-icon landscape'>\n\t\t\t\t<a href='https:\/\/teaboyucatan.gob.mx\/wp-content\/uploads\/2025\/01\/470197011_3076603519146853_5853708980743617038_n.jpg'><img loading=\"lazy\" decoding=\"async\" width=\"150\" height=\"150\" src=\"https:\/\/teaboyucatan.gob.mx\/wp-content\/uploads\/2025\/01\/470197011_3076603519146853_5853708980743617038_n-150x150.jpg\" class=\"attachment-thumbnail size-thumbnail\" alt=\"\" \/><\/a>\n\t\t\t<\/div><\/figure><figure class='gallery-item'>\n\t\t\t<div class='gallery-icon landscape'>\n\t\t\t\t<a href='https:\/\/teaboyucatan.gob.mx\/wp-content\/uploads\/2025\/01\/470203630_3076603912480147_8946490943859328406_n.jpg'><img loading=\"lazy\" decoding=\"async\" width=\"150\" height=\"150\" src=\"https:\/\/teaboyucatan.gob.mx\/wp-content\/uploads\/2025\/01\/470203630_3076603912480147_8946490943859328406_n-150x150.jpg\" class=\"attachment-thumbnail size-thumbnail\" alt=\"\" \/><\/a>\n\t\t\t<\/div><\/figure>\n\t\t<\/div>\n\n<div class=\"x11i5rnm xat24cr x1mh8g0r x1vvkbs xtlvy1s x126k92a\">\n<div dir=\"auto\">El d\u00eda de ayer participamos en el convivi\u00f3 navide\u00f1o que organiza el grupo parcelero de nuestro lindo Teabo, tuvimos un di\u00e1logo para refrendar el apoyo y continuar trabajando con proyectos que los beneficien en la labor que realizan con el campo, estas acciones demuestran la cercan\u00eda que tenemos con la gente.<\/div>\n<\/div>\n<div class=\"x11i5rnm xat24cr x1mh8g0r x1vvkbs xtlvy1s x126k92a\">\n<div dir=\"auto\">\u00a1Seguiremos trabajando en proyectos que s\u00e9 que ser\u00e1n ayuda en el 2025!<\/div>\n<\/div>\n","protected":false},"excerpt":{"rendered":"<p>El d\u00eda de ayer participamos en el convivi\u00f3 navide\u00f1o que organiza el grupo parcelero de nuestro lindo Teabo, tuvimos un di\u00e1logo para refrendar el apoyo y continuar trabajando con proyectos que los beneficien en la labor que realizan con el campo, estas acciones demuestran la cercan\u00eda que tenemos con la gente. \u00a1Seguiremos trabajando en proyectos [&hellip;]<\/p>\n","protected":false},"author":1,"featured_media":1996,"comment_status":"closed","ping_status":"open","sticky":false,"template":"","format":"standard","meta":{"_jetpack_memberships_contains_paid_content":false,"footnotes":""},"categories":[2],"tags":[],"class_list":["post-1991","post","type-post","status-publish","format-standard","has-post-thumbnail","hentry","category-presidencia"],"jetpack_featured_media_url":"https:\/\/teaboyucatan.gob.mx\/wp-content\/uploads\/2025\/01\/470203630_3076603912480147_8946490943859328406_n.jpg","jetpack_sharing_enabled":true,"_links":{"self":[{"href":"https:\/\/teaboyucatan.gob.mx\/index.php\/wp-json\/wp\/v2\/posts\/1991","targetHints":{"allow":["GET"]}}],"collection":[{"href":"https:\/\/teaboyucatan.gob.mx\/index.php\/wp-json\/wp\/v2\/posts"}],"about":[{"href":"https:\/\/teaboyucatan.gob.mx\/index.php\/wp-json\/wp\/v2\/types\/post"}],"author":[{"embeddable":true,"href":"https:\/\/teaboyucatan.gob.mx\/index.php\/wp-json\/wp\/v2\/users\/1"}],"replies":[{"embeddable":true,"href":"https:\/\/teaboyucatan.gob.mx\/index.php\/wp-json\/wp\/v2\/comments?post=1991"}],"version-history":[{"count":1,"href":"https:\/\/teaboyucatan.gob.mx\/index.php\/wp-json\/wp\/v2\/posts\/1991\/revisions"}],"predecessor-version":[{"id":1997,"href":"https:\/\/teaboyucatan.gob.mx\/index.php\/wp-json\/wp\/v2\/posts\/1991\/revisions\/1997"}],"wp:featuredmedia":[{"embeddable":true,"href":"https:\/\/teaboyucatan.gob.mx\/index.php\/wp-json\/wp\/v2\/media\/1996"}],"wp:attachment":[{"href":"https:\/\/teaboyucatan.gob.mx\/index.php\/wp-json\/wp\/v2\/media?parent=1991"}],"wp:term":[{"taxonomy":"category","embeddable":true,"href":"https:\/\/teaboyucatan.gob.mx\/index.php\/wp-json\/wp\/v2\/categories?post=1991"},{"taxonomy":"post_tag","embeddable":true,"href":"https:\/\/teaboyucatan.gob.mx\/index.php\/wp-json\/wp\/v2\/tags?post=1991"}],"curies":[{"name":"wp","href":"https:\/\/api.w.org\/{rel}","templated":true}]}}